{"id":16876,"date":"2026-04-29T16:22:41","date_gmt":"2026-04-29T16:22:41","guid":{"rendered":"https:\/\/grupoexpro.com\/peru\/?p=16876"},"modified":"2026-04-29T16:30:03","modified_gmt":"2026-04-29T16:30:03","slug":"mes-de-la-seguridad-y-salud-en-el-trabajo-claves-para-empresas","status":"publish","type":"post","link":"https:\/\/grupoexpro.com\/peru\/mes-de-la-seguridad-y-salud-en-el-trabajo-claves-para-empresas\/","title":{"rendered":"Mes de la Seguridad y Salud en el Trabajo: claves para empresas"},"content":{"rendered":"\t\t<div data-elementor-type=\"wp-post\" data-elementor-id=\"16876\" class=\"elementor elementor-16876\">\n\t\t\t\t\t\t\t\t\t<section class=\"elementor-section elementor-top-section elementor-element elementor-element-eecd827 ot-traditional elementor-section-boxed elementor-section-height-default elementor-section-height-default\" data-id=\"eecd827\" data-element_type=\"section\">\n\t\t\t\t\t\t<div class=\"elementor-container elementor-column-gap-default\">\n\t\t\t\t\t<div class=\"elementor-column elementor-col-100 elementor-top-column elementor-element elementor-element-e008833 ot-flex-column-vertical\" data-id=\"e008833\" data-element_type=\"column\">\n\t\t\t<div class=\"elementor-widget-wrap elementor-element-populated\">\n\t\t\t\t\t\t\t\t<div class=\"elementor-element elementor-element-fb04ded elementor-widget elementor-widget-text-editor\" data-id=\"fb04ded\" data-element_type=\"widget\" data-widget_type=\"text-editor.default\">\n\t\t\t\t<div class=\"elementor-widget-container\">\n\t\t\t<style>\/*! elementor - v3.11.3 - 07-03-2023 *\/\n.elementor-widget-text-editor.elementor-drop-cap-view-stacked .elementor-drop-cap{background-color:#818a91;color:#fff}.elementor-widget-text-editor.elementor-drop-cap-view-framed .elementor-drop-cap{color:#818a91;border:3px solid;background-color:transparent}.elementor-widget-text-editor:not(.elementor-drop-cap-view-default) .elementor-drop-cap{margin-top:8px}.elementor-widget-text-editor:not(.elementor-drop-cap-view-default) .elementor-drop-cap-letter{width:1em;height:1em}.elementor-widget-text-editor .elementor-drop-cap{float:left;text-align:center;line-height:1;font-size:50px}.elementor-widget-text-editor .elementor-drop-cap-letter{display:inline-block}<\/style>\t\t\t\t<p style=\"text-align: left;\">El Mes de la Seguridad y Salud en el Trabajo pone en primer plano la importancia de garantizar entornos laborales seguros, donde la prevenci\u00f3n de riesgos laborales y el cuidado de las personas formen parte de la operaci\u00f3n diaria.<\/p><p style=\"text-align: left;\">M\u00e1s all\u00e1 de una conmemoraci\u00f3n, este mes instala un foco claro: la seguridad y la salud en el trabajo como elementos clave para la continuidad operativa, el cumplimiento normativo y el desarrollo sostenible.<\/p><p style=\"text-align: left;\">En un contexto donde las operaciones son cada vez m\u00e1s exigentes, integrar la prevenci\u00f3n de riesgos no solo responde a una necesidad normativa, sino tambi\u00e9n a un factor determinante en la eficiencia organizacional.<\/p><h3 style=\"text-align: left;\"><strong>Pr\u00e1cticas que deben fortalecerse en seguridad y salud en el trabajo<\/strong><\/h3><p style=\"text-align: left;\">La gesti\u00f3n de la seguridad y la salud en el trabajo requiere acciones concretas que permitan sostener entornos laborales adecuados y reducir riesgos laborales.<\/p><h3 style=\"text-align: left;\"><strong>Anticipaci\u00f3n de riesgos<\/strong><\/h3><p style=\"text-align: left;\">la identificaci\u00f3n temprana de riesgos laborales permite reducir incidentes y mejorar la capacidad de respuesta en cada operaci\u00f3n.<\/p><h3 style=\"text-align: left;\"><strong>Protocolos claros y cumplimiento normativo<\/strong><\/h3><p style=\"text-align: left;\">Contar con procedimientos definidos y alineados a la normativa vigente en seguridad y salud en el trabajo es fundamental para asegurar condiciones laborales seguras.<br \/>La formaci\u00f3n constante de los equipos permite reforzar conductas seguras, prevenir riesgos y mejorar la toma de decisiones en terreno.<\/p><h3 style=\"text-align: left;\"><strong>Gesti\u00f3n preventiva en la operaci\u00f3n<\/strong><\/h3><p style=\"text-align: left;\">Integrar la prevenci\u00f3n de riesgos laborales en cada tarea contribuye a disminuir la exposici\u00f3n a riesgos y fortalecer el desempe\u00f1o general de la organizaci\u00f3n.<\/p><h3 style=\"text-align: left;\"><strong>El impacto de la seguridad laboral en el entorno de trabajo<\/strong><\/h3><p style=\"text-align: left;\">Una gesti\u00f3n adecuada de la seguridad y la salud en el trabajo no solo reduce accidentes laborales. Mejora las condiciones laborales y fortalece la estabilidad de las operaciones.<\/p><h3 style=\"text-align: left;\"><strong>Seguridad, operaci\u00f3n y bienestar laboral<\/strong><\/h3><p style=\"text-align: left;\">La seguridad y la salud en el trabajo forman parte integral de la gesti\u00f3n operativa. Su correcta implementaci\u00f3n permite equilibrar eficiencia, cumplimiento y bienestar laboral en los equipos.<\/p><p style=\"text-align: left;\">Servicios asociados a la operaci\u00f3n, como seguridad, facility o gesti\u00f3n de procesos, evidencian la importancia de contar con estructuras organizadas, est\u00e1ndares definidos y control permanente en la ejecuci\u00f3n de tareas.<\/p><h3 style=\"text-align: left;\"><strong>Un enfoque de seguridad y salud en el trabajo que debe sostenerse en el tiempo<\/strong><\/h3><p style=\"text-align: left;\">El Mes de la Seguridad y Salud en el Trabajo se refuerza la importancia de mantener una gesti\u00f3n constante en esta materia.<\/p><p style=\"text-align: left;\">M\u00e1s all\u00e1 de acciones puntuales, la seguridad laboral requiere continuidad, seguimiento y mejora permanente para responder a los desaf\u00edos de cada entorno de trabajo.<\/p><p style=\"text-align: left;\">En GrupoExpro, entendemos que integrar la seguridad y la salud en el trabajo es clave para fortalecer los equipos, optimizar procesos y asegurar entornos laborales adecuados para el desarrollo de las personas.<\/p><h3 style=\"text-align: left;\"><strong>Fortalece la seguridad y salud en tu operaci\u00f3n<\/strong><\/h3><p style=\"text-align: left;\">En GrupoExpro impulsamos entornos laborales m\u00e1s seguros a trav\u00e9s de soluciones integrales en outsourcing de recursos humanos, gesti\u00f3n de personas y prevenci\u00f3n de riesgos laborales. Si hoy tu organizaci\u00f3n busca mayor control, cumplimiento y eficiencia en sus procesos, es momento de avanzar.<\/p><p style=\"text-align: left;\"><a href=\"https:\/\/grupoexpro.com\/peru\/contacto-peru\/\">Cont\u00e1ctanos<\/a> y hablemos de c\u00f3mo optimizar tu operaci\u00f3n.<\/p><hr data-start=\"6230\" data-end=\"6233\" \/><p style=\"text-align: left;\"><span data-contrast=\"auto\">\ud83d\udce9 <\/span><a href=\"mailto:contactoperu@grupoexpro.com\"><span data-contrast=\"none\">contactoperu@grupoexpro.com<\/span><\/a>\u00a0<br \/><span data-contrast=\"auto\">\ud83d\udcde <\/span><a href=\"https:\/\/wa.me\/+51977486857\"><span data-contrast=\"none\">wa.me\/+51977486857<\/span><\/a><span data-ccp-props=\"{&quot;335559738&quot;:180,&quot;335559739&quot;:180}\">\u00a0<\/span><\/p>\t\t\t\t\t\t<\/div>\n\t\t\t\t<\/div>\n\t\t\t\t\t<\/div>\n\t\t<\/div>\n\t\t\t\t\t\t\t<\/div>\n\t\t<\/section>\n\t\t\t\t\t\t\t<\/div>\n\t\t","protected":false},"excerpt":{"rendered":"<p>El Mes de la Seguridad y Salud en el Trabajo destaca la importancia de integrar la prevenci\u00f3n de riesgos laborales como parte clave de la operaci\u00f3n y la cultura organizacional.<\/p>\n","protected":false},"author":1,"featured_media":16878,"comment_status":"closed","ping_status":"closed","sticky":false,"template":"","format":"standard","meta":{"footnotes":""},"categories":[39,51,42],"tags":[43],"class_list":["post-16876","post","type-post","status-publish","format-standard","has-post-thumbnail","hentry","category-grupoexpro","category-noticias","category-tips-de-interes","tag-noticias"],"yoast_head":"<!-- This site is optimized with the Yoast SEO plugin v22.4 - https:\/\/yoast.com\/wordpress\/plugins\/seo\/ -->\n<title>Mes de la Seguridad y Salud en el Trabajo<\/title>\n<meta name=\"description\" content=\"Mes de la Seguridad y Salud en el Trabajo: c\u00f3mo fortalecer la prevenci\u00f3n de riesgos laborales y mejorar la seguridad en tu empresa.\" \/>\n<meta name=\"robots\" content=\"index, follow, max-snippet:-1, max-image-preview:large, max-video-preview:-1\" \/>\n<link rel=\"canonical\" href=\"https:\/\/grupoexpro.com\/peru\/mes-de-la-seguridad-y-salud-en-el-trabajo-claves-para-empresas\/\" \/>\n<meta property=\"og:locale\" content=\"es_ES\" \/>\n<meta property=\"og:type\" content=\"article\" \/>\n<meta property=\"og:title\" content=\"Mes de la Seguridad y Salud en el Trabajo\" \/>\n<meta property=\"og:description\" content=\"Mes de la Seguridad y Salud en el Trabajo: c\u00f3mo fortalecer la prevenci\u00f3n de riesgos laborales y mejorar la seguridad en tu empresa.\" \/>\n<meta property=\"og:url\" content=\"https:\/\/grupoexpro.com\/peru\/mes-de-la-seguridad-y-salud-en-el-trabajo-claves-para-empresas\/\" \/>\n<meta property=\"og:site_name\" content=\"GrupoExpro\" \/>\n<meta property=\"article:publisher\" content=\"https:\/\/www.facebook.com\/GrupoExpro.Chile\/\" \/>\n<meta property=\"article:published_time\" content=\"2026-04-29T16:22:41+00:00\" \/>\n<meta property=\"article:modified_time\" content=\"2026-04-29T16:30:03+00:00\" \/>\n<meta property=\"og:image\" content=\"https:\/\/grupoexpro.com\/peru\/wp-content\/uploads\/2026\/04\/comite-paritario.jpg\" \/>\n\t<meta property=\"og:image:width\" content=\"800\" \/>\n\t<meta property=\"og:image:height\" content=\"400\" \/>\n\t<meta property=\"og:image:type\" content=\"image\/jpeg\" \/>\n<meta name=\"author\" content=\"admin\" \/>\n<meta name=\"twitter:card\" content=\"summary_large_image\" \/>\n<meta name=\"twitter:creator\" content=\"@grupoExpro\" \/>\n<meta name=\"twitter:site\" content=\"@grupoExpro\" \/>\n<meta name=\"twitter:label1\" content=\"Escrito por\" \/>\n\t<meta name=\"twitter:data1\" content=\"admin\" \/>\n\t<meta name=\"twitter:label2\" content=\"Tiempo de lectura\" \/>\n\t<meta name=\"twitter:data2\" content=\"3 minutos\" \/>\n<script type=\"application\/ld+json\" class=\"yoast-schema-graph\">{\"@context\":\"https:\/\/schema.org\",\"@graph\":[{\"@type\":\"Article\",\"@id\":\"https:\/\/grupoexpro.com\/peru\/mes-de-la-seguridad-y-salud-en-el-trabajo-claves-para-empresas\/#article\",\"isPartOf\":{\"@id\":\"https:\/\/grupoexpro.com\/peru\/mes-de-la-seguridad-y-salud-en-el-trabajo-claves-para-empresas\/\"},\"author\":{\"name\":\"admin\",\"@id\":\"https:\/\/grupoexpro.com\/peru\/#\/schema\/person\/030c0e2d7558af62b6789ac8d6c42eb6\"},\"headline\":\"Mes de la Seguridad y Salud en el Trabajo: claves para empresas\",\"datePublished\":\"2026-04-29T16:22:41+00:00\",\"dateModified\":\"2026-04-29T16:30:03+00:00\",\"mainEntityOfPage\":{\"@id\":\"https:\/\/grupoexpro.com\/peru\/mes-de-la-seguridad-y-salud-en-el-trabajo-claves-para-empresas\/\"},\"wordCount\":548,\"publisher\":{\"@id\":\"https:\/\/grupoexpro.com\/peru\/#organization\"},\"image\":{\"@id\":\"https:\/\/grupoexpro.com\/peru\/mes-de-la-seguridad-y-salud-en-el-trabajo-claves-para-empresas\/#primaryimage\"},\"thumbnailUrl\":\"https:\/\/grupoexpro.com\/peru\/wp-content\/uploads\/2026\/04\/comite-paritario.jpg\",\"keywords\":[\"Noticias\"],\"articleSection\":[\"GrupoExpro\",\"Noticias\",\"Tips de Inter\u00e9s\"],\"inLanguage\":\"es\"},{\"@type\":\"WebPage\",\"@id\":\"https:\/\/grupoexpro.com\/peru\/mes-de-la-seguridad-y-salud-en-el-trabajo-claves-para-empresas\/\",\"url\":\"https:\/\/grupoexpro.com\/peru\/mes-de-la-seguridad-y-salud-en-el-trabajo-claves-para-empresas\/\",\"name\":\"Mes de la Seguridad y Salud en el Trabajo\",\"isPartOf\":{\"@id\":\"https:\/\/grupoexpro.com\/peru\/#website\"},\"primaryImageOfPage\":{\"@id\":\"https:\/\/grupoexpro.com\/peru\/mes-de-la-seguridad-y-salud-en-el-trabajo-claves-para-empresas\/#primaryimage\"},\"image\":{\"@id\":\"https:\/\/grupoexpro.com\/peru\/mes-de-la-seguridad-y-salud-en-el-trabajo-claves-para-empresas\/#primaryimage\"},\"thumbnailUrl\":\"https:\/\/grupoexpro.com\/peru\/wp-content\/uploads\/2026\/04\/comite-paritario.jpg\",\"datePublished\":\"2026-04-29T16:22:41+00:00\",\"dateModified\":\"2026-04-29T16:30:03+00:00\",\"description\":\"Mes de la Seguridad y Salud en el Trabajo: c\u00f3mo fortalecer la prevenci\u00f3n de riesgos laborales y mejorar la seguridad en tu empresa.\",\"breadcrumb\":{\"@id\":\"https:\/\/grupoexpro.com\/peru\/mes-de-la-seguridad-y-salud-en-el-trabajo-claves-para-empresas\/#breadcrumb\"},\"inLanguage\":\"es\",\"potentialAction\":[{\"@type\":\"ReadAction\",\"target\":[\"https:\/\/grupoexpro.com\/peru\/mes-de-la-seguridad-y-salud-en-el-trabajo-claves-para-empresas\/\"]}]},{\"@type\":\"ImageObject\",\"inLanguage\":\"es\",\"@id\":\"https:\/\/grupoexpro.com\/peru\/mes-de-la-seguridad-y-salud-en-el-trabajo-claves-para-empresas\/#primaryimage\",\"url\":\"https:\/\/grupoexpro.com\/peru\/wp-content\/uploads\/2026\/04\/comite-paritario.jpg\",\"contentUrl\":\"https:\/\/grupoexpro.com\/peru\/wp-content\/uploads\/2026\/04\/comite-paritario.jpg\",\"width\":800,\"height\":400,\"caption\":\"Mes de la Seguridad y Salud en el Trabajo: c\u00f3mo fortalecer la prevenci\u00f3n de riesgos laborales y mejorar la seguridad en tu empresa.\"},{\"@type\":\"BreadcrumbList\",\"@id\":\"https:\/\/grupoexpro.com\/peru\/mes-de-la-seguridad-y-salud-en-el-trabajo-claves-para-empresas\/#breadcrumb\",\"itemListElement\":[{\"@type\":\"ListItem\",\"position\":1,\"name\":\"Portada\",\"item\":\"https:\/\/grupoexpro.com\/peru\/\"},{\"@type\":\"ListItem\",\"position\":2,\"name\":\"Mes de la Seguridad y Salud en el Trabajo: claves para empresas\"}]},{\"@type\":\"WebSite\",\"@id\":\"https:\/\/grupoexpro.com\/peru\/#website\",\"url\":\"https:\/\/grupoexpro.com\/peru\/\",\"name\":\"GrupoExpro\",\"description\":\"Web\",\"publisher\":{\"@id\":\"https:\/\/grupoexpro.com\/peru\/#organization\"},\"alternateName\":\"GrupoExpro\",\"inLanguage\":\"es\"},{\"@type\":\"Organization\",\"@id\":\"https:\/\/grupoexpro.com\/peru\/#organization\",\"name\":\"GrupoExpro\",\"alternateName\":\"GrupoExpro\",\"url\":\"https:\/\/grupoexpro.com\/peru\/\",\"logo\":{\"@type\":\"ImageObject\",\"inLanguage\":\"es\",\"@id\":\"https:\/\/grupoexpro.com\/peru\/#\/schema\/logo\/image\/\",\"url\":\"https:\/\/grupoexpro.com\/peru\/wp-content\/uploads\/2023\/10\/rrss.jpg\",\"contentUrl\":\"https:\/\/grupoexpro.com\/peru\/wp-content\/uploads\/2023\/10\/rrss.jpg\",\"width\":1200,\"height\":600,\"caption\":\"GrupoExpro\"},\"image\":{\"@id\":\"https:\/\/grupoexpro.com\/peru\/#\/schema\/logo\/image\/\"},\"sameAs\":[\"https:\/\/www.facebook.com\/GrupoExpro.Chile\/\",\"https:\/\/twitter.com\/grupoExpro\",\"https:\/\/www.linkedin.com\/company\/grupo-expro\/\",\"https:\/\/www.instagram.com\/grupo_expro\/?hl=es-la\"]},{\"@type\":\"Person\",\"@id\":\"https:\/\/grupoexpro.com\/peru\/#\/schema\/person\/030c0e2d7558af62b6789ac8d6c42eb6\",\"name\":\"admin\",\"image\":{\"@type\":\"ImageObject\",\"inLanguage\":\"es\",\"@id\":\"https:\/\/grupoexpro.com\/peru\/#\/schema\/person\/image\/\",\"url\":\"https:\/\/grupoexpro.com\/peru\/wp-content\/wphb-cache\/gravatar\/c42\/c4256b06762827b2d025edc4ca2eaf26x96.jpg\",\"contentUrl\":\"https:\/\/grupoexpro.com\/peru\/wp-content\/wphb-cache\/gravatar\/c42\/c4256b06762827b2d025edc4ca2eaf26x96.jpg\",\"caption\":\"admin\"},\"sameAs\":[\"https:\/\/new.grupoexpro.com\"],\"url\":\"https:\/\/grupoexpro.com\/peru\/author\/admin\/\"}]}<\/script>\n<!-- \/ Yoast SEO plugin. -->","yoast_head_json":{"title":"Mes de la Seguridad y Salud en el Trabajo","description":"Mes de la Seguridad y Salud en el Trabajo: c\u00f3mo fortalecer la prevenci\u00f3n de riesgos laborales y mejorar la seguridad en tu empresa.","robots":{"index":"index","follow":"follow","max-snippet":"max-snippet:-1","max-image-preview":"max-image-preview:large","max-video-preview":"max-video-preview:-1"},"canonical":"https:\/\/grupoexpro.com\/peru\/mes-de-la-seguridad-y-salud-en-el-trabajo-claves-para-empresas\/","og_locale":"es_ES","og_type":"article","og_title":"Mes de la Seguridad y Salud en el Trabajo","og_description":"Mes de la Seguridad y Salud en el Trabajo: c\u00f3mo fortalecer la prevenci\u00f3n de riesgos laborales y mejorar la seguridad en tu empresa.","og_url":"https:\/\/grupoexpro.com\/peru\/mes-de-la-seguridad-y-salud-en-el-trabajo-claves-para-empresas\/","og_site_name":"GrupoExpro","article_publisher":"https:\/\/www.facebook.com\/GrupoExpro.Chile\/","article_published_time":"2026-04-29T16:22:41+00:00","article_modified_time":"2026-04-29T16:30:03+00:00","og_image":[{"width":800,"height":400,"url":"https:\/\/grupoexpro.com\/peru\/wp-content\/uploads\/2026\/04\/comite-paritario.jpg","type":"image\/jpeg"}],"author":"admin","twitter_card":"summary_large_image","twitter_creator":"@grupoExpro","twitter_site":"@grupoExpro","twitter_misc":{"Escrito por":"admin","Tiempo de lectura":"3 minutos"},"schema":{"@context":"https:\/\/schema.org","@graph":[{"@type":"Article","@id":"https:\/\/grupoexpro.com\/peru\/mes-de-la-seguridad-y-salud-en-el-trabajo-claves-para-empresas\/#article","isPartOf":{"@id":"https:\/\/grupoexpro.com\/peru\/mes-de-la-seguridad-y-salud-en-el-trabajo-claves-para-empresas\/"},"author":{"name":"admin","@id":"https:\/\/grupoexpro.com\/peru\/#\/schema\/person\/030c0e2d7558af62b6789ac8d6c42eb6"},"headline":"Mes de la Seguridad y Salud en el Trabajo: claves para empresas","datePublished":"2026-04-29T16:22:41+00:00","dateModified":"2026-04-29T16:30:03+00:00","mainEntityOfPage":{"@id":"https:\/\/grupoexpro.com\/peru\/mes-de-la-seguridad-y-salud-en-el-trabajo-claves-para-empresas\/"},"wordCount":548,"publisher":{"@id":"https:\/\/grupoexpro.com\/peru\/#organization"},"image":{"@id":"https:\/\/grupoexpro.com\/peru\/mes-de-la-seguridad-y-salud-en-el-trabajo-claves-para-empresas\/#primaryimage"},"thumbnailUrl":"https:\/\/grupoexpro.com\/peru\/wp-content\/uploads\/2026\/04\/comite-paritario.jpg","keywords":["Noticias"],"articleSection":["GrupoExpro","Noticias","Tips de Inter\u00e9s"],"inLanguage":"es"},{"@type":"WebPage","@id":"https:\/\/grupoexpro.com\/peru\/mes-de-la-seguridad-y-salud-en-el-trabajo-claves-para-empresas\/","url":"https:\/\/grupoexpro.com\/peru\/mes-de-la-seguridad-y-salud-en-el-trabajo-claves-para-empresas\/","name":"Mes de la Seguridad y Salud en el Trabajo","isPartOf":{"@id":"https:\/\/grupoexpro.com\/peru\/#website"},"primaryImageOfPage":{"@id":"https:\/\/grupoexpro.com\/peru\/mes-de-la-seguridad-y-salud-en-el-trabajo-claves-para-empresas\/#primaryimage"},"image":{"@id":"https:\/\/grupoexpro.com\/peru\/mes-de-la-seguridad-y-salud-en-el-trabajo-claves-para-empresas\/#primaryimage"},"thumbnailUrl":"https:\/\/grupoexpro.com\/peru\/wp-content\/uploads\/2026\/04\/comite-paritario.jpg","datePublished":"2026-04-29T16:22:41+00:00","dateModified":"2026-04-29T16:30:03+00:00","description":"Mes de la Seguridad y Salud en el Trabajo: c\u00f3mo fortalecer la prevenci\u00f3n de riesgos laborales y mejorar la seguridad en tu empresa.","breadcrumb":{"@id":"https:\/\/grupoexpro.com\/peru\/mes-de-la-seguridad-y-salud-en-el-trabajo-claves-para-empresas\/#breadcrumb"},"inLanguage":"es","potentialAction":[{"@type":"ReadAction","target":["https:\/\/grupoexpro.com\/peru\/mes-de-la-seguridad-y-salud-en-el-trabajo-claves-para-empresas\/"]}]},{"@type":"ImageObject","inLanguage":"es","@id":"https:\/\/grupoexpro.com\/peru\/mes-de-la-seguridad-y-salud-en-el-trabajo-claves-para-empresas\/#primaryimage","url":"https:\/\/grupoexpro.com\/peru\/wp-content\/uploads\/2026\/04\/comite-paritario.jpg","contentUrl":"https:\/\/grupoexpro.com\/peru\/wp-content\/uploads\/2026\/04\/comite-paritario.jpg","width":800,"height":400,"caption":"Mes de la Seguridad y Salud en el Trabajo: c\u00f3mo fortalecer la prevenci\u00f3n de riesgos laborales y mejorar la seguridad en tu empresa."},{"@type":"BreadcrumbList","@id":"https:\/\/grupoexpro.com\/peru\/mes-de-la-seguridad-y-salud-en-el-trabajo-claves-para-empresas\/#breadcrumb","itemListElement":[{"@type":"ListItem","position":1,"name":"Portada","item":"https:\/\/grupoexpro.com\/peru\/"},{"@type":"ListItem","position":2,"name":"Mes de la Seguridad y Salud en el Trabajo: claves para empresas"}]},{"@type":"WebSite","@id":"https:\/\/grupoexpro.com\/peru\/#website","url":"https:\/\/grupoexpro.com\/peru\/","name":"GrupoExpro","description":"Web","publisher":{"@id":"https:\/\/grupoexpro.com\/peru\/#organization"},"alternateName":"GrupoExpro","inLanguage":"es"},{"@type":"Organization","@id":"https:\/\/grupoexpro.com\/peru\/#organization","name":"GrupoExpro","alternateName":"GrupoExpro","url":"https:\/\/grupoexpro.com\/peru\/","logo":{"@type":"ImageObject","inLanguage":"es","@id":"https:\/\/grupoexpro.com\/peru\/#\/schema\/logo\/image\/","url":"https:\/\/grupoexpro.com\/peru\/wp-content\/uploads\/2023\/10\/rrss.jpg","contentUrl":"https:\/\/grupoexpro.com\/peru\/wp-content\/uploads\/2023\/10\/rrss.jpg","width":1200,"height":600,"caption":"GrupoExpro"},"image":{"@id":"https:\/\/grupoexpro.com\/peru\/#\/schema\/logo\/image\/"},"sameAs":["https:\/\/www.facebook.com\/GrupoExpro.Chile\/","https:\/\/twitter.com\/grupoExpro","https:\/\/www.linkedin.com\/company\/grupo-expro\/","https:\/\/www.instagram.com\/grupo_expro\/?hl=es-la"]},{"@type":"Person","@id":"https:\/\/grupoexpro.com\/peru\/#\/schema\/person\/030c0e2d7558af62b6789ac8d6c42eb6","name":"admin","image":{"@type":"ImageObject","inLanguage":"es","@id":"https:\/\/grupoexpro.com\/peru\/#\/schema\/person\/image\/","url":"https:\/\/grupoexpro.com\/peru\/wp-content\/wphb-cache\/gravatar\/c42\/c4256b06762827b2d025edc4ca2eaf26x96.jpg","contentUrl":"https:\/\/grupoexpro.com\/peru\/wp-content\/wphb-cache\/gravatar\/c42\/c4256b06762827b2d025edc4ca2eaf26x96.jpg","caption":"admin"},"sameAs":["https:\/\/new.grupoexpro.com"],"url":"https:\/\/grupoexpro.com\/peru\/author\/admin\/"}]}},"views":1505,"_links":{"self":[{"href":"https:\/\/grupoexpro.com\/peru\/wp-json\/wp\/v2\/posts\/16876","targetHints":{"allow":["GET"]}}],"collection":[{"href":"https:\/\/grupoexpro.com\/peru\/wp-json\/wp\/v2\/posts"}],"about":[{"href":"https:\/\/grupoexpro.com\/peru\/wp-json\/wp\/v2\/types\/post"}],"author":[{"embeddable":true,"href":"https:\/\/grupoexpro.com\/peru\/wp-json\/wp\/v2\/users\/1"}],"replies":[{"embeddable":true,"href":"https:\/\/grupoexpro.com\/peru\/wp-json\/wp\/v2\/comments?post=16876"}],"version-history":[{"count":8,"href":"https:\/\/grupoexpro.com\/peru\/wp-json\/wp\/v2\/posts\/16876\/revisions"}],"predecessor-version":[{"id":16886,"href":"https:\/\/grupoexpro.com\/peru\/wp-json\/wp\/v2\/posts\/16876\/revisions\/16886"}],"wp:featuredmedia":[{"embeddable":true,"href":"https:\/\/grupoexpro.com\/peru\/wp-json\/wp\/v2\/media\/16878"}],"wp:attachment":[{"href":"https:\/\/grupoexpro.com\/peru\/wp-json\/wp\/v2\/media?parent=16876"}],"wp:term":[{"taxonomy":"category","embeddable":true,"href":"https:\/\/grupoexpro.com\/peru\/wp-json\/wp\/v2\/categories?post=16876"},{"taxonomy":"post_tag","embeddable":true,"href":"https:\/\/grupoexpro.com\/peru\/wp-json\/wp\/v2\/tags?post=16876"}],"curies":[{"name":"wp","href":"https:\/\/api.w.org\/{rel}","templated":true}]}}