{"id":5942,"date":"2023-03-07T13:53:42","date_gmt":"2023-03-07T13:53:42","guid":{"rendered":"https:\/\/new.grupoexpro.com\/?p=5942"},"modified":"2023-04-19T17:20:08","modified_gmt":"2023-04-19T17:20:08","slug":"lideres-en-america-digital-2022","status":"publish","type":"post","link":"https:\/\/grupoexpro.com\/peru\/lideres-en-america-digital-2022\/","title":{"rendered":"L\u00edderes en America Digital 2022"},"content":{"rendered":"<blockquote><p><strong><em>\u201cNuestro gran aporte radica en brindar servicios integrales en el \u00e1rea de Recursos Humanos mediante herramientas tecnol\u00f3gicas del m\u00e1s alto nivel, sumado a un equipo humano de gran experiencia y conocimiento, orient\u00e1ndonos no tan s\u00f3lo a la gran empresa, sino que adem\u00e1s a las peque\u00f1as y medianas organizaciones\u201d-<br \/>\n<\/em><\/strong>Guillermo Guerra, Director Corporativo de Tecnolog\u00eda.<\/p><\/blockquote>\n<p>Por: Soledad Guzm\u00e1n<\/p>\n<p><img loading=\"lazy\" decoding=\"async\" class=\"alignnone wp-image-6470 size-full\" src=\"https:\/\/new.grupoexpro.com\/wp-content\/uploads\/2023\/03\/IMG_5360-1536x1024-1.jpg\" alt=\"\" width=\"1536\" height=\"1024\" srcset=\"https:\/\/grupoexpro.com\/peru\/wp-content\/uploads\/2023\/03\/IMG_5360-1536x1024-1.jpg 1536w, https:\/\/grupoexpro.com\/peru\/wp-content\/uploads\/2023\/03\/IMG_5360-1536x1024-1-300x200.jpg 300w, https:\/\/grupoexpro.com\/peru\/wp-content\/uploads\/2023\/03\/IMG_5360-1536x1024-1-1024x683.jpg 1024w, https:\/\/grupoexpro.com\/peru\/wp-content\/uploads\/2023\/03\/IMG_5360-1536x1024-1-768x512.jpg 768w, https:\/\/grupoexpro.com\/peru\/wp-content\/uploads\/2023\/03\/IMG_5360-1536x1024-1-720x480.jpg 720w\" sizes=\"auto, (max-width: 1536px) 100vw, 1536px\" \/> Innovaci\u00f3n, vanguardia y futuro. Este 7 y 8 de septiembre, GrupoExpro&nbsp;Technology&nbsp;estuvo&nbsp;participando&nbsp;en el s\u00e9ptimo&nbsp;Congreso latinoamericano de tecnolog\u00eda y negocios America&nbsp;Digital. En \u00e9l,&nbsp;Guillermo Guerra,&nbsp; director de la empresa inclusiva y multinacional perteneciente al consorcio japon\u00e9s Outsouring&nbsp;Inc&nbsp;Japan,&nbsp;se refiri\u00f3 a c\u00f3mo ha sido la vivencia en este primer d\u00eda, se\u00f1alando lo siguiente: <strong><em>\u201cHa sido una ardua jornada&nbsp;atendiendo a cientos de ejecutivos,&nbsp;principalmente del \u00e1rea TI, quienes han descubierto una atractiva oferta de Staffing&nbsp;TI, especialmente en C\u00e9lulas \u00c1giles, as\u00ed&nbsp;como tambi\u00e9n&nbsp;nuestras soluciones de contactabilidad&nbsp;unificada en redes sociales y administraci\u00f3n de oficinas y espacios h\u00edbridos, las cuales&nbsp;han pasado a ser un pilar fundamental&nbsp;para muchas organizaciones&nbsp;que hoy requieren&nbsp;enfrentar los nuevos desaf\u00edos&nbsp;que exige el mercado, disminuyendo sus costos y aumentando su competitividad.<\/em><\/strong><\/p>\n<p><img loading=\"lazy\" decoding=\"async\" class=\"alignnone wp-image-6471 size-full\" src=\"https:\/\/new.grupoexpro.com\/wp-content\/uploads\/2023\/03\/IMG_5362-1536x1024-1.jpg\" alt=\"\" width=\"1536\" height=\"1024\" srcset=\"https:\/\/grupoexpro.com\/peru\/wp-content\/uploads\/2023\/03\/IMG_5362-1536x1024-1.jpg 1536w, https:\/\/grupoexpro.com\/peru\/wp-content\/uploads\/2023\/03\/IMG_5362-1536x1024-1-300x200.jpg 300w, https:\/\/grupoexpro.com\/peru\/wp-content\/uploads\/2023\/03\/IMG_5362-1536x1024-1-1024x683.jpg 1024w, https:\/\/grupoexpro.com\/peru\/wp-content\/uploads\/2023\/03\/IMG_5362-1536x1024-1-768x512.jpg 768w, https:\/\/grupoexpro.com\/peru\/wp-content\/uploads\/2023\/03\/IMG_5362-1536x1024-1-720x480.jpg 720w\" sizes=\"auto, (max-width: 1536px) 100vw, 1536px\" \/><\/p>\n<p>El director tambi\u00e9n se refiri\u00f3 a que el inter\u00e9s y la recepci\u00f3n de las personas hacia la empresa ha sido excelente, agregando que se han llevado bastantes sorpresas,&nbsp;debido a que si bien esta presente una&nbsp;amplia oferta tecnol\u00f3gica&nbsp;de diferentes compa\u00f1\u00edas en el Congreso, ha habido&nbsp;un fuerte inter\u00e9s en las soluciones que ofrece&nbsp;GrupoExpro&nbsp;Technology.&nbsp;<strong><em>\u201cDe alguna forma la mayor\u00eda de las organizaciones est\u00e1n ofreciendo soluciones muy innovadoras, pero como herramientas a ser implementadas&nbsp;y no como un servicio integral que permita a cada empresa enfocarse en su propio negocio, as\u00ed que estamos muy contentos y satisfechos con este evento\u201d<\/em><\/strong>&nbsp;comenta Guerra.<\/p>\n<p>Actualmente, la tecnolog\u00eda se percibe&nbsp;como un elemento fundamental para el&nbsp;desarrollo de cualquier empresa sin importar su rubro. El director&nbsp;se\u00f1ala&nbsp;que&nbsp;<strong><em>\u201cHoy&nbsp;cualquier&nbsp;empresa&nbsp;debe contar&nbsp;con&nbsp;tecnolog\u00eda para&nbsp;ofrecer un&nbsp;servicio ad-hoc a la realidad presente, dada la alta exigencia y competencia que hoy existe. Es por eso que,&nbsp;este tipo de Congresos generan un espacio muy interesante de exponer&nbsp;las diferentes e innovadoras soluciones&nbsp;emergentes, sobre todo pensando en las nuevas generaciones,&nbsp;las cuales demandan&nbsp;no tan solo inmediatez, sino que soluciones&nbsp;\u00c1giles,&nbsp;atenci\u00f3n eficiente y de alt\u00edsima calidad.<\/em><\/strong><\/p>\n<p>A su vez, Claudia&nbsp;Araya,&nbsp;Directora&nbsp;Corporativa Comercial&nbsp;de GrupoExpro, menciona que:<strong><em>&nbsp;\u201cel gran aporte durante el Congreso&nbsp;ha sido el eslab\u00f3n que nosotros&nbsp;podemos entregar a todas estas empresas tecnol\u00f3gicas con respecto al recurso y al talento tecnol\u00f3gico\u201d<\/em><\/strong>&nbsp;La Directora&nbsp;adem\u00e1s coment\u00f3 que a&nbsp;veces las empresas han invertido&nbsp;en Tecnolog\u00eda y han desarrollado sistemas,&nbsp;plataformas y procesos&nbsp;espectaculares,&nbsp;pero muchas veces carecen&nbsp;de capital humano para su implementaci\u00f3n.<\/p>\n<p><img loading=\"lazy\" decoding=\"async\" class=\"alignnone wp-image-6472 size-full\" src=\"https:\/\/new.grupoexpro.com\/wp-content\/uploads\/2023\/03\/IMG_5338-1024x683-1.jpg\" alt=\"\" width=\"1024\" height=\"683\" srcset=\"https:\/\/grupoexpro.com\/peru\/wp-content\/uploads\/2023\/03\/IMG_5338-1024x683-1.jpg 1024w, https:\/\/grupoexpro.com\/peru\/wp-content\/uploads\/2023\/03\/IMG_5338-1024x683-1-300x200.jpg 300w, https:\/\/grupoexpro.com\/peru\/wp-content\/uploads\/2023\/03\/IMG_5338-1024x683-1-768x512.jpg 768w, https:\/\/grupoexpro.com\/peru\/wp-content\/uploads\/2023\/03\/IMG_5338-1024x683-1-720x480.jpg 720w\" sizes=\"auto, (max-width: 1024px) 100vw, 1024px\" \/><\/p>\n<p><strong><em>\u201cNosotros ese capital humano lo tenemos,&nbsp;y con alto grado de calificaci\u00f3n. Es&nbsp;la oportunidad de poder dar continuidad operativa a los sistemas de ellos, pero tambi\u00e9n de crear nuevas soluciones. Ese es nuestro gran aporte en t\u00e9rminos de que,&nbsp;no solo&nbsp;lo&nbsp;entregamos&nbsp;ac\u00e1 en Chile, sino que tambi\u00e9n lo hacemos desde una mirada y&nbsp;un talento n\u00f3made&nbsp;en el cual&nbsp;podemos traer&nbsp;y acercar&nbsp;ese talento de cualquier parte del mundo a lugares que ellos necesiten\u201d<\/em><\/strong>&nbsp;concluye Araya.<\/p>\n<p><img loading=\"lazy\" decoding=\"async\" class=\"alignnone size-medium wp-image-5931\" src=\"https:\/\/new.grupoexpro.com\/wp-content\/uploads\/2023\/03\/GrupoExpro-Technology-768x229-1-300x89.png\" alt=\"\" width=\"300\" height=\"89\" srcset=\"https:\/\/grupoexpro.com\/peru\/wp-content\/uploads\/2023\/03\/GrupoExpro-Technology-768x229-1-300x89.png 300w, https:\/\/grupoexpro.com\/peru\/wp-content\/uploads\/2023\/03\/GrupoExpro-Technology-768x229-1-720x215.png 720w, https:\/\/grupoexpro.com\/peru\/wp-content\/uploads\/2023\/03\/GrupoExpro-Technology-768x229-1.png 768w\" sizes=\"auto, (max-width: 300px) 100vw, 300px\" \/><\/p>\n<p>Recordar&nbsp;que GrupoExpro Technology es un \u00e1rea de GrupoExpro perteneciente a&nbsp;Outsouring Inc, una multinacional japonesa que se especializa en el desarrollo de procesos estrat\u00e9gicos, productivos y tecnol\u00f3gicos. El evento se estuvo realizando&nbsp;en Espacio Riesco, Santiago de Chile, por lo que la invitaci\u00f3n queda abierta para&nbsp;puedan ver el resumen de lo m\u00e1s importante&nbsp;a trav\u00e9s de los canales digitales de America&nbsp;Digital.<\/p>\n<p>Para m\u00e1s informaci\u00f3n visita nuestros canales oficiales:<\/p>\n<p><a role=\"link\" href=\"https:\/\/www.linkedin.com\/company\/gexprotech\/\">https:\/\/www.linkedin.com\/company\/gexprotech\/<\/a><\/p>\n<p><a role=\"link\" href=\"https:\/\/www.linkedin.com\/company\/grupo-expro\/\">https:\/\/www.linkedin.com\/company\/grupo-expro\/<\/a><\/p>\n<p><a role=\"link\" href=\"https:\/\/www.instagram.com\/grupo_expro\/\">https:\/\/www.instagram.com\/grupo_expro\/<\/a><\/p>\n<p><a href=\"https:\/\/congreso.america-digital.com\/portfolio\/grupo-expro\/\" target=\"_blank\" rel=\"noopener\"><img loading=\"lazy\" decoding=\"async\" class=\"alignnone wp-image-6473 size-full\" src=\"https:\/\/new.grupoexpro.com\/wp-content\/uploads\/2023\/03\/KIT-HTML-GRUPO-EXPRO.png\" alt=\"\" width=\"600\" height=\"400\" srcset=\"https:\/\/grupoexpro.com\/peru\/wp-content\/uploads\/2023\/03\/KIT-HTML-GRUPO-EXPRO.png 600w, https:\/\/grupoexpro.com\/peru\/wp-content\/uploads\/2023\/03\/KIT-HTML-GRUPO-EXPRO-300x200.png 300w\" sizes=\"auto, (max-width: 600px) 100vw, 600px\" \/><\/a><\/p>\n","protected":false},"excerpt":{"rendered":"<p>\u201cNuestro gran aporte radica en brindar servicios integrales en el \u00e1rea de Recursos Humanos mediante herramientas tecnol\u00f3gicas del m\u00e1s alto nivel, sumado a un equipo humano de gran experiencia y conocimiento, orient\u00e1ndonos no tan s\u00f3lo a la gran empresa, sino que adem\u00e1s a las peque\u00f1as y medianas organizaciones\u201d- Guillermo Guerra, Director Corporativo de Tecnolog\u00eda. Por: [&hellip;]<\/p>\n","protected":false},"author":2,"featured_media":5944,"comment_status":"closed","ping_status":"closed","sticky":false,"template":"","format":"standard","meta":{"footnotes":""},"categories":[38,39],"tags":[44,47,43],"class_list":["post-5942","post","type-post","status-publish","format-standard","has-post-thumbnail","hentry","category-campanas-grupoexpro","category-grupoexpro","tag-eventos","tag-getech","tag-noticias"],"yoast_head":"<!-- This site is optimized with the Yoast SEO plugin v22.4 - https:\/\/yoast.com\/wordpress\/plugins\/seo\/ -->\n<title>L\u00edderes en America Digital 2022 | GrupoExpro<\/title>\n<meta name=\"robots\" content=\"index, follow, max-snippet:-1, max-image-preview:large, max-video-preview:-1\" \/>\n<link rel=\"canonical\" href=\"https:\/\/grupoexpro.com\/peru\/lideres-en-america-digital-2022\/\" \/>\n<meta property=\"og:locale\" content=\"es_ES\" \/>\n<meta property=\"og:type\" content=\"article\" \/>\n<meta property=\"og:title\" content=\"L\u00edderes en America Digital 2022 | GrupoExpro\" \/>\n<meta property=\"og:description\" content=\"\u201cNuestro gran aporte radica en brindar servicios integrales en el \u00e1rea de Recursos Humanos mediante herramientas tecnol\u00f3gicas del m\u00e1s alto nivel, sumado a un equipo humano de gran experiencia y conocimiento, orient\u00e1ndonos no tan s\u00f3lo a la gran empresa, sino que adem\u00e1s a las peque\u00f1as y medianas organizaciones\u201d- Guillermo Guerra, Director Corporativo de Tecnolog\u00eda. Por: [&hellip;]\" \/>\n<meta property=\"og:url\" content=\"https:\/\/grupoexpro.com\/peru\/lideres-en-america-digital-2022\/\" \/>\n<meta property=\"og:site_name\" content=\"GrupoExpro\" \/>\n<meta property=\"article:publisher\" content=\"https:\/\/www.facebook.com\/GrupoExpro.Chile\/\" \/>\n<meta property=\"article:published_time\" content=\"2023-03-07T13:53:42+00:00\" \/>\n<meta property=\"article:modified_time\" content=\"2023-04-19T17:20:08+00:00\" \/>\n<meta property=\"og:image\" content=\"https:\/\/grupoexpro.com\/peru\/wp-content\/uploads\/2023\/03\/lideres_blog.jpg\" \/>\n\t<meta property=\"og:image:width\" content=\"870\" \/>\n\t<meta property=\"og:image:height\" content=\"520\" \/>\n\t<meta property=\"og:image:type\" content=\"image\/jpeg\" \/>\n<meta name=\"author\" content=\"GrupoExpro\" \/>\n<meta name=\"twitter:card\" content=\"summary_large_image\" \/>\n<meta name=\"twitter:creator\" content=\"@grupoExpro\" \/>\n<meta name=\"twitter:site\" content=\"@grupoExpro\" \/>\n<meta name=\"twitter:label1\" content=\"Escrito por\" \/>\n\t<meta name=\"twitter:data1\" content=\"GrupoExpro\" \/>\n\t<meta name=\"twitter:label2\" content=\"Tiempo de lectura\" \/>\n\t<meta name=\"twitter:data2\" content=\"4 minutos\" \/>\n<script type=\"application\/ld+json\" class=\"yoast-schema-graph\">{\"@context\":\"https:\/\/schema.org\",\"@graph\":[{\"@type\":\"Article\",\"@id\":\"https:\/\/grupoexpro.com\/peru\/lideres-en-america-digital-2022\/#article\",\"isPartOf\":{\"@id\":\"https:\/\/grupoexpro.com\/peru\/lideres-en-america-digital-2022\/\"},\"author\":{\"name\":\"GrupoExpro\",\"@id\":\"https:\/\/grupoexpro.com\/peru\/#\/schema\/person\/a541627cf8f7fc06439a965085ab7a31\"},\"headline\":\"L\u00edderes en America Digital 2022\",\"datePublished\":\"2023-03-07T13:53:42+00:00\",\"dateModified\":\"2023-04-19T17:20:08+00:00\",\"mainEntityOfPage\":{\"@id\":\"https:\/\/grupoexpro.com\/peru\/lideres-en-america-digital-2022\/\"},\"wordCount\":764,\"publisher\":{\"@id\":\"https:\/\/grupoexpro.com\/peru\/#organization\"},\"image\":{\"@id\":\"https:\/\/grupoexpro.com\/peru\/lideres-en-america-digital-2022\/#primaryimage\"},\"thumbnailUrl\":\"https:\/\/grupoexpro.com\/peru\/wp-content\/uploads\/2023\/03\/lideres_blog.jpg\",\"keywords\":[\"Eventos\",\"Getech\",\"Noticias\"],\"articleSection\":[\"Campa\u00f1as GrupoExpro\",\"GrupoExpro\"],\"inLanguage\":\"es\"},{\"@type\":\"WebPage\",\"@id\":\"https:\/\/grupoexpro.com\/peru\/lideres-en-america-digital-2022\/\",\"url\":\"https:\/\/grupoexpro.com\/peru\/lideres-en-america-digital-2022\/\",\"name\":\"L\u00edderes en America Digital 2022 | GrupoExpro\",\"isPartOf\":{\"@id\":\"https:\/\/grupoexpro.com\/peru\/#website\"},\"primaryImageOfPage\":{\"@id\":\"https:\/\/grupoexpro.com\/peru\/lideres-en-america-digital-2022\/#primaryimage\"},\"image\":{\"@id\":\"https:\/\/grupoexpro.com\/peru\/lideres-en-america-digital-2022\/#primaryimage\"},\"thumbnailUrl\":\"https:\/\/grupoexpro.com\/peru\/wp-content\/uploads\/2023\/03\/lideres_blog.jpg\",\"datePublished\":\"2023-03-07T13:53:42+00:00\",\"dateModified\":\"2023-04-19T17:20:08+00:00\",\"breadcrumb\":{\"@id\":\"https:\/\/grupoexpro.com\/peru\/lideres-en-america-digital-2022\/#breadcrumb\"},\"inLanguage\":\"es\",\"potentialAction\":[{\"@type\":\"ReadAction\",\"target\":[\"https:\/\/grupoexpro.com\/peru\/lideres-en-america-digital-2022\/\"]}]},{\"@type\":\"ImageObject\",\"inLanguage\":\"es\",\"@id\":\"https:\/\/grupoexpro.com\/peru\/lideres-en-america-digital-2022\/#primaryimage\",\"url\":\"https:\/\/grupoexpro.com\/peru\/wp-content\/uploads\/2023\/03\/lideres_blog.jpg\",\"contentUrl\":\"https:\/\/grupoexpro.com\/peru\/wp-content\/uploads\/2023\/03\/lideres_blog.jpg\",\"width\":870,\"height\":520},{\"@type\":\"BreadcrumbList\",\"@id\":\"https:\/\/grupoexpro.com\/peru\/lideres-en-america-digital-2022\/#breadcrumb\",\"itemListElement\":[{\"@type\":\"ListItem\",\"position\":1,\"name\":\"Portada\",\"item\":\"https:\/\/grupoexpro.com\/peru\/\"},{\"@type\":\"ListItem\",\"position\":2,\"name\":\"L\u00edderes en America Digital 2022\"}]},{\"@type\":\"WebSite\",\"@id\":\"https:\/\/grupoexpro.com\/peru\/#website\",\"url\":\"https:\/\/grupoexpro.com\/peru\/\",\"name\":\"GrupoExpro\",\"description\":\"Web\",\"publisher\":{\"@id\":\"https:\/\/grupoexpro.com\/peru\/#organization\"},\"alternateName\":\"GrupoExpro\",\"inLanguage\":\"es\"},{\"@type\":\"Organization\",\"@id\":\"https:\/\/grupoexpro.com\/peru\/#organization\",\"name\":\"GrupoExpro\",\"alternateName\":\"GrupoExpro\",\"url\":\"https:\/\/grupoexpro.com\/peru\/\",\"logo\":{\"@type\":\"ImageObject\",\"inLanguage\":\"es\",\"@id\":\"https:\/\/grupoexpro.com\/peru\/#\/schema\/logo\/image\/\",\"url\":\"https:\/\/grupoexpro.com\/peru\/wp-content\/uploads\/2023\/10\/rrss.jpg\",\"contentUrl\":\"https:\/\/grupoexpro.com\/peru\/wp-content\/uploads\/2023\/10\/rrss.jpg\",\"width\":1200,\"height\":600,\"caption\":\"GrupoExpro\"},\"image\":{\"@id\":\"https:\/\/grupoexpro.com\/peru\/#\/schema\/logo\/image\/\"},\"sameAs\":[\"https:\/\/www.facebook.com\/GrupoExpro.Chile\/\",\"https:\/\/twitter.com\/grupoExpro\",\"https:\/\/www.linkedin.com\/company\/grupo-expro\/\",\"https:\/\/www.instagram.com\/grupo_expro\/?hl=es-la\"]},{\"@type\":\"Person\",\"@id\":\"https:\/\/grupoexpro.com\/peru\/#\/schema\/person\/a541627cf8f7fc06439a965085ab7a31\",\"name\":\"GrupoExpro\",\"image\":{\"@type\":\"ImageObject\",\"inLanguage\":\"es\",\"@id\":\"https:\/\/grupoexpro.com\/peru\/#\/schema\/person\/image\/\",\"url\":\"https:\/\/grupoexpro.com\/peru\/wp-content\/wphb-cache\/gravatar\/03f\/03f2a8a15c5d0e5dc283bbd126c1ce83x96.jpg\",\"contentUrl\":\"https:\/\/grupoexpro.com\/peru\/wp-content\/wphb-cache\/gravatar\/03f\/03f2a8a15c5d0e5dc283bbd126c1ce83x96.jpg\",\"caption\":\"GrupoExpro\"},\"url\":\"https:\/\/grupoexpro.com\/peru\/author\/grupoexpro\/\"}]}<\/script>\n<!-- \/ Yoast SEO plugin. -->","yoast_head_json":{"title":"L\u00edderes en America Digital 2022 | GrupoExpro","robots":{"index":"index","follow":"follow","max-snippet":"max-snippet:-1","max-image-preview":"max-image-preview:large","max-video-preview":"max-video-preview:-1"},"canonical":"https:\/\/grupoexpro.com\/peru\/lideres-en-america-digital-2022\/","og_locale":"es_ES","og_type":"article","og_title":"L\u00edderes en America Digital 2022 | GrupoExpro","og_description":"\u201cNuestro gran aporte radica en brindar servicios integrales en el \u00e1rea de Recursos Humanos mediante herramientas tecnol\u00f3gicas del m\u00e1s alto nivel, sumado a un equipo humano de gran experiencia y conocimiento, orient\u00e1ndonos no tan s\u00f3lo a la gran empresa, sino que adem\u00e1s a las peque\u00f1as y medianas organizaciones\u201d- Guillermo Guerra, Director Corporativo de Tecnolog\u00eda. Por: [&hellip;]","og_url":"https:\/\/grupoexpro.com\/peru\/lideres-en-america-digital-2022\/","og_site_name":"GrupoExpro","article_publisher":"https:\/\/www.facebook.com\/GrupoExpro.Chile\/","article_published_time":"2023-03-07T13:53:42+00:00","article_modified_time":"2023-04-19T17:20:08+00:00","og_image":[{"width":870,"height":520,"url":"https:\/\/grupoexpro.com\/peru\/wp-content\/uploads\/2023\/03\/lideres_blog.jpg","type":"image\/jpeg"}],"author":"GrupoExpro","twitter_card":"summary_large_image","twitter_creator":"@grupoExpro","twitter_site":"@grupoExpro","twitter_misc":{"Escrito por":"GrupoExpro","Tiempo de lectura":"4 minutos"},"schema":{"@context":"https:\/\/schema.org","@graph":[{"@type":"Article","@id":"https:\/\/grupoexpro.com\/peru\/lideres-en-america-digital-2022\/#article","isPartOf":{"@id":"https:\/\/grupoexpro.com\/peru\/lideres-en-america-digital-2022\/"},"author":{"name":"GrupoExpro","@id":"https:\/\/grupoexpro.com\/peru\/#\/schema\/person\/a541627cf8f7fc06439a965085ab7a31"},"headline":"L\u00edderes en America Digital 2022","datePublished":"2023-03-07T13:53:42+00:00","dateModified":"2023-04-19T17:20:08+00:00","mainEntityOfPage":{"@id":"https:\/\/grupoexpro.com\/peru\/lideres-en-america-digital-2022\/"},"wordCount":764,"publisher":{"@id":"https:\/\/grupoexpro.com\/peru\/#organization"},"image":{"@id":"https:\/\/grupoexpro.com\/peru\/lideres-en-america-digital-2022\/#primaryimage"},"thumbnailUrl":"https:\/\/grupoexpro.com\/peru\/wp-content\/uploads\/2023\/03\/lideres_blog.jpg","keywords":["Eventos","Getech","Noticias"],"articleSection":["Campa\u00f1as GrupoExpro","GrupoExpro"],"inLanguage":"es"},{"@type":"WebPage","@id":"https:\/\/grupoexpro.com\/peru\/lideres-en-america-digital-2022\/","url":"https:\/\/grupoexpro.com\/peru\/lideres-en-america-digital-2022\/","name":"L\u00edderes en America Digital 2022 | GrupoExpro","isPartOf":{"@id":"https:\/\/grupoexpro.com\/peru\/#website"},"primaryImageOfPage":{"@id":"https:\/\/grupoexpro.com\/peru\/lideres-en-america-digital-2022\/#primaryimage"},"image":{"@id":"https:\/\/grupoexpro.com\/peru\/lideres-en-america-digital-2022\/#primaryimage"},"thumbnailUrl":"https:\/\/grupoexpro.com\/peru\/wp-content\/uploads\/2023\/03\/lideres_blog.jpg","datePublished":"2023-03-07T13:53:42+00:00","dateModified":"2023-04-19T17:20:08+00:00","breadcrumb":{"@id":"https:\/\/grupoexpro.com\/peru\/lideres-en-america-digital-2022\/#breadcrumb"},"inLanguage":"es","potentialAction":[{"@type":"ReadAction","target":["https:\/\/grupoexpro.com\/peru\/lideres-en-america-digital-2022\/"]}]},{"@type":"ImageObject","inLanguage":"es","@id":"https:\/\/grupoexpro.com\/peru\/lideres-en-america-digital-2022\/#primaryimage","url":"https:\/\/grupoexpro.com\/peru\/wp-content\/uploads\/2023\/03\/lideres_blog.jpg","contentUrl":"https:\/\/grupoexpro.com\/peru\/wp-content\/uploads\/2023\/03\/lideres_blog.jpg","width":870,"height":520},{"@type":"BreadcrumbList","@id":"https:\/\/grupoexpro.com\/peru\/lideres-en-america-digital-2022\/#breadcrumb","itemListElement":[{"@type":"ListItem","position":1,"name":"Portada","item":"https:\/\/grupoexpro.com\/peru\/"},{"@type":"ListItem","position":2,"name":"L\u00edderes en America Digital 2022"}]},{"@type":"WebSite","@id":"https:\/\/grupoexpro.com\/peru\/#website","url":"https:\/\/grupoexpro.com\/peru\/","name":"GrupoExpro","description":"Web","publisher":{"@id":"https:\/\/grupoexpro.com\/peru\/#organization"},"alternateName":"GrupoExpro","inLanguage":"es"},{"@type":"Organization","@id":"https:\/\/grupoexpro.com\/peru\/#organization","name":"GrupoExpro","alternateName":"GrupoExpro","url":"https:\/\/grupoexpro.com\/peru\/","logo":{"@type":"ImageObject","inLanguage":"es","@id":"https:\/\/grupoexpro.com\/peru\/#\/schema\/logo\/image\/","url":"https:\/\/grupoexpro.com\/peru\/wp-content\/uploads\/2023\/10\/rrss.jpg","contentUrl":"https:\/\/grupoexpro.com\/peru\/wp-content\/uploads\/2023\/10\/rrss.jpg","width":1200,"height":600,"caption":"GrupoExpro"},"image":{"@id":"https:\/\/grupoexpro.com\/peru\/#\/schema\/logo\/image\/"},"sameAs":["https:\/\/www.facebook.com\/GrupoExpro.Chile\/","https:\/\/twitter.com\/grupoExpro","https:\/\/www.linkedin.com\/company\/grupo-expro\/","https:\/\/www.instagram.com\/grupo_expro\/?hl=es-la"]},{"@type":"Person","@id":"https:\/\/grupoexpro.com\/peru\/#\/schema\/person\/a541627cf8f7fc06439a965085ab7a31","name":"GrupoExpro","image":{"@type":"ImageObject","inLanguage":"es","@id":"https:\/\/grupoexpro.com\/peru\/#\/schema\/person\/image\/","url":"https:\/\/grupoexpro.com\/peru\/wp-content\/wphb-cache\/gravatar\/03f\/03f2a8a15c5d0e5dc283bbd126c1ce83x96.jpg","contentUrl":"https:\/\/grupoexpro.com\/peru\/wp-content\/wphb-cache\/gravatar\/03f\/03f2a8a15c5d0e5dc283bbd126c1ce83x96.jpg","caption":"GrupoExpro"},"url":"https:\/\/grupoexpro.com\/peru\/author\/grupoexpro\/"}]}},"views":232,"_links":{"self":[{"href":"https:\/\/grupoexpro.com\/peru\/wp-json\/wp\/v2\/posts\/5942","targetHints":{"allow":["GET"]}}],"collection":[{"href":"https:\/\/grupoexpro.com\/peru\/wp-json\/wp\/v2\/posts"}],"about":[{"href":"https:\/\/grupoexpro.com\/peru\/wp-json\/wp\/v2\/types\/post"}],"author":[{"embeddable":true,"href":"https:\/\/grupoexpro.com\/peru\/wp-json\/wp\/v2\/users\/2"}],"replies":[{"embeddable":true,"href":"https:\/\/grupoexpro.com\/peru\/wp-json\/wp\/v2\/comments?post=5942"}],"version-history":[{"count":6,"href":"https:\/\/grupoexpro.com\/peru\/wp-json\/wp\/v2\/posts\/5942\/revisions"}],"predecessor-version":[{"id":6835,"href":"https:\/\/grupoexpro.com\/peru\/wp-json\/wp\/v2\/posts\/5942\/revisions\/6835"}],"wp:featuredmedia":[{"embeddable":true,"href":"https:\/\/grupoexpro.com\/peru\/wp-json\/wp\/v2\/media\/5944"}],"wp:attachment":[{"href":"https:\/\/grupoexpro.com\/peru\/wp-json\/wp\/v2\/media?parent=5942"}],"wp:term":[{"taxonomy":"category","embeddable":true,"href":"https:\/\/grupoexpro.com\/peru\/wp-json\/wp\/v2\/categories?post=5942"},{"taxonomy":"post_tag","embeddable":true,"href":"https:\/\/grupoexpro.com\/peru\/wp-json\/wp\/v2\/tags?post=5942"}],"curies":[{"name":"wp","href":"https:\/\/api.w.org\/{rel}","templated":true}]}}