{"id":8262,"date":"2023-08-09T15:17:07","date_gmt":"2023-08-09T15:17:07","guid":{"rendered":"https:\/\/grupoexpro.com\/peru\/?p=8262"},"modified":"2023-08-17T22:17:50","modified_gmt":"2023-08-17T22:17:50","slug":"conectando-realidades-nuestro-compromiso-con-la-educacion","status":"publish","type":"post","link":"https:\/\/grupoexpro.com\/peru\/conectando-realidades-nuestro-compromiso-con-la-educacion\/","title":{"rendered":"Conectando Realidades: Nuestro compromiso con la educaci\u00f3n.\u00a0"},"content":{"rendered":"\t\t<div data-elementor-type=\"wp-post\" data-elementor-id=\"8262\" class=\"elementor elementor-8262\">\n\t\t\t\t\t\t\t\t\t<section class=\"elementor-section elementor-top-section elementor-element elementor-element-3f185512 ot-traditional elementor-section-boxed elementor-section-height-default elementor-section-height-default\" data-id=\"3f185512\" data-element_type=\"section\">\n\t\t\t\t\t\t<div class=\"elementor-container elementor-column-gap-default\">\n\t\t\t\t\t<div class=\"elementor-column elementor-col-100 elementor-top-column elementor-element elementor-element-f02a64b ot-flex-column-vertical\" data-id=\"f02a64b\" data-element_type=\"column\">\n\t\t\t<div class=\"elementor-widget-wrap elementor-element-populated\">\n\t\t\t\t\t\t\t\t<div class=\"elementor-element elementor-element-7cb36f2e elementor-widget elementor-widget-text-editor\" data-id=\"7cb36f2e\" data-element_type=\"widget\" data-widget_type=\"text-editor.default\">\n\t\t\t\t<div class=\"elementor-widget-container\">\n\t\t\t<style>\/*! elementor - v3.11.3 - 07-03-2023 *\/\n.elementor-widget-text-editor.elementor-drop-cap-view-stacked .elementor-drop-cap{background-color:#818a91;color:#fff}.elementor-widget-text-editor.elementor-drop-cap-view-framed .elementor-drop-cap{color:#818a91;border:3px solid;background-color:transparent}.elementor-widget-text-editor:not(.elementor-drop-cap-view-default) .elementor-drop-cap{margin-top:8px}.elementor-widget-text-editor:not(.elementor-drop-cap-view-default) .elementor-drop-cap-letter{width:1em;height:1em}.elementor-widget-text-editor .elementor-drop-cap{float:left;text-align:center;line-height:1;font-size:50px}.elementor-widget-text-editor .elementor-drop-cap-letter{display:inline-block}<\/style>\t\t\t\t<p style=\"text-align: left;\"><span data-contrast=\"auto\">En un mundo cada vez m\u00e1s digitalizado, el acceso a la tecnolog\u00eda es fundamental para el desarrollo educativo de las comunidades m\u00e1s vulnerables. En <\/span><b><span data-contrast=\"auto\">GrupoExpro<\/span><\/b><span data-contrast=\"auto\">, no solo entendemos esta realidad, sino que tambi\u00e9n estamos comprometidos con hacer una diferencia real en la vida de aquellos que m\u00e1s lo necesitan. Es por eso que nos enorgullece compartir nuestro \u00faltimo proyecto: la implementaci\u00f3n de una sala de computaci\u00f3n en una escuela rural en Rinc\u00f3n de Sarmiento, Curic\u00f3.<\/span><span data-ccp-props=\"{&quot;335551550&quot;:6,&quot;335551620&quot;:6}\">\u00a0<\/span><\/p><p style=\"text-align: left;\"><span data-contrast=\"auto\">La educaci\u00f3n es el cimiento sobre el cual se construyen oportunidades para el futuro. Sin embargo, muchas comunidades carecen de los recursos necesarios para brindar a sus estudiantes una educaci\u00f3n de calidad. En nuestro compromiso por reducir esta brecha, decidimos colaborar con una escuela en Curic\u00f3 que enfrentaba desaf\u00edos significativos en t\u00e9rminos de infraestructura y acceso a la tecnolog\u00eda. Creemos que la tecnolog\u00eda puede ser un catalizador para el aprendizaje, la creatividad y la exploraci\u00f3n, y quer\u00edamos brindarles a estos estudiantes las herramientas para alcanzar su m\u00e1ximo potencial.<\/span><span data-ccp-props=\"{&quot;335551550&quot;:6,&quot;335551620&quot;:6}\">\u00a0<\/span><\/p><p style=\"text-align: left;\"><span data-contrast=\"auto\">Nuestra misi\u00f3n ten\u00eda un prop\u00f3sito claro: implementar computadores una sala de computaci\u00f3n completamente equipada en la escuela <\/span><b><span data-contrast=\"auto\">\u201cV\u00edctor Vergara Campos\u201d<\/span><\/b><span data-contrast=\"auto\">.\u00a0<\/span><span data-ccp-props=\"{&quot;335551550&quot;:6,&quot;335551620&quot;:6}\">\u00a0<\/span><\/p><p style=\"text-align: left;\"><span data-contrast=\"auto\">No solo est\u00e1bamos entregando tecnolog\u00eda, est\u00e1bamos brindando herramientas para la autodeterminaci\u00f3n y el progreso. La tecnolog\u00eda puede abrir puertas a un mundo de conocimiento y oportunidades, y estamos comprometidos a asegurarnos de que estos estudiantes tengan acceso a ellas.<\/span><span data-ccp-props=\"{&quot;335551550&quot;:6,&quot;335551620&quot;:6}\">\u00a0<\/span><\/p><p style=\"text-align: left;\"><span data-contrast=\"auto\">En <\/span><b><span data-contrast=\"auto\">GrupoExpro<\/span><\/b><span data-contrast=\"auto\">, creemos que la tecnolog\u00eda no solo es una herramienta, sino un medio para transformar vidas. Estamos comprometidos con hacer nuestra parte para cerrar la brecha digital y brindar oportunidades a quienes las necesitan desesperadamente.\u00a0<\/span><span data-ccp-props=\"{&quot;335551550&quot;:6,&quot;335551620&quot;:6}\">\u00a0<\/span><\/p><p style=\"text-align: left;\"><span data-contrast=\"auto\">Juntos, podemos construir un futuro m\u00e1s brillante a trav\u00e9s de la tecnolog\u00eda y en <\/span><b><span data-contrast=\"auto\">GrupoExpro <\/span><\/b><span data-contrast=\"auto\">estamos felices de poder aportar con un granito de arena.<\/span><span data-ccp-props=\"{&quot;335551550&quot;:6,&quot;335551620&quot;:6}\">\u00a0<\/span><\/p>\t\t\t\t\t\t<\/div>\n\t\t\t\t<\/div>\n\t\t\t\t\t<\/div>\n\t\t<\/div>\n\t\t\t\t\t\t\t<\/div>\n\t\t<\/section>\n\t\t\t\t<section class=\"elementor-section elementor-top-section elementor-element elementor-element-fe0ded3 ot-traditional elementor-section-boxed elementor-section-height-default elementor-section-height-default\" data-id=\"fe0ded3\" data-element_type=\"section\">\n\t\t\t\t\t\t<div class=\"elementor-container elementor-column-gap-default\">\n\t\t\t\t\t<div class=\"elementor-column elementor-col-100 elementor-top-column elementor-element elementor-element-a7911a8 ot-flex-column-vertical\" data-id=\"a7911a8\" data-element_type=\"column\">\n\t\t\t<div class=\"elementor-widget-wrap\">\n\t\t\t\t\t\t\t\t\t<\/div>\n\t\t<\/div>\n\t\t\t\t\t\t\t<\/div>\n\t\t<\/section>\n\t\t\t\t<section class=\"elementor-section elementor-top-section elementor-element elementor-element-d056432 ot-traditional elementor-section-boxed elementor-section-height-default elementor-section-height-default\" data-id=\"d056432\" data-element_type=\"section\">\n\t\t\t\t\t\t<div class=\"elementor-container elementor-column-gap-default\">\n\t\t\t\t\t<div class=\"elementor-column elementor-col-100 elementor-top-column elementor-element elementor-element-83f1fb9 ot-flex-column-vertical\" data-id=\"83f1fb9\" data-element_type=\"column\">\n\t\t\t<div class=\"elementor-widget-wrap elementor-element-populated\">\n\t\t\t\t\t\t\t\t<div class=\"elementor-element elementor-element-47dc397 elementor-widget elementor-widget-image\" data-id=\"47dc397\" data-element_type=\"widget\" data-widget_type=\"image.default\">\n\t\t\t\t<div class=\"elementor-widget-container\">\n\t\t\t<style>\/*! elementor - v3.11.3 - 07-03-2023 *\/\n.elementor-widget-image{text-align:center}.elementor-widget-image a{display:inline-block}.elementor-widget-image a img[src$=\".svg\"]{width:48px}.elementor-widget-image img{vertical-align:middle;display:inline-block}<\/style>\t\t\t\t\t\t\t\t\t\t\t\t<img loading=\"lazy\" decoding=\"async\" width=\"1024\" height=\"768\" src=\"https:\/\/grupoexpro.com\/peru\/wp-content\/uploads\/2023\/08\/GrupoExpro_Escuela_1-1024x768.jpg\" class=\"attachment-large size-large wp-image-8264\" alt=\"\" srcset=\"https:\/\/grupoexpro.com\/peru\/wp-content\/uploads\/2023\/08\/GrupoExpro_Escuela_1-1024x768.jpg 1024w, https:\/\/grupoexpro.com\/peru\/wp-content\/uploads\/2023\/08\/GrupoExpro_Escuela_1-300x225.jpg 300w, https:\/\/grupoexpro.com\/peru\/wp-content\/uploads\/2023\/08\/GrupoExpro_Escuela_1-768x576.jpg 768w, https:\/\/grupoexpro.com\/peru\/wp-content\/uploads\/2023\/08\/GrupoExpro_Escuela_1-1536x1152.jpg 1536w, https:\/\/grupoexpro.com\/peru\/wp-content\/uploads\/2023\/08\/GrupoExpro_Escuela_1-2048x1536.jpg 2048w, https:\/\/grupoexpro.com\/peru\/wp-content\/uploads\/2023\/08\/GrupoExpro_Escuela_1-720x540.jpg 720w\" sizes=\"auto, (max-width: 1024px) 100vw, 1024px\" \/>\t\t\t\t\t\t\t\t\t\t\t\t\t\t\t<\/div>\n\t\t\t\t<\/div>\n\t\t\t\t\t<\/div>\n\t\t<\/div>\n\t\t\t\t\t\t\t<\/div>\n\t\t<\/section>\n\t\t\t\t<section class=\"elementor-section elementor-top-section elementor-element elementor-element-ce8c531 ot-traditional elementor-section-boxed elementor-section-height-default elementor-section-height-default\" data-id=\"ce8c531\" data-element_type=\"section\">\n\t\t\t\t\t\t<div class=\"elementor-container elementor-column-gap-default\">\n\t\t\t\t\t<div class=\"elementor-column elementor-col-100 elementor-top-column elementor-element elementor-element-4b28698 ot-flex-column-vertical\" data-id=\"4b28698\" data-element_type=\"column\">\n\t\t\t<div class=\"elementor-widget-wrap elementor-element-populated\">\n\t\t\t\t\t\t\t\t<div class=\"elementor-element elementor-element-29db626 elementor-widget elementor-widget-image\" data-id=\"29db626\" data-element_type=\"widget\" data-widget_type=\"image.default\">\n\t\t\t\t<div class=\"elementor-widget-container\">\n\t\t\t\t\t\t\t\t\t\t\t\t\t\t\t<img loading=\"lazy\" decoding=\"async\" width=\"1024\" height=\"768\" src=\"https:\/\/grupoexpro.com\/peru\/wp-content\/uploads\/2023\/08\/GrupoExpro_Escuela_2-1024x768.jpg\" class=\"attachment-large size-large wp-image-8265\" alt=\"\" srcset=\"https:\/\/grupoexpro.com\/peru\/wp-content\/uploads\/2023\/08\/GrupoExpro_Escuela_2-1024x768.jpg 1024w, https:\/\/grupoexpro.com\/peru\/wp-content\/uploads\/2023\/08\/GrupoExpro_Escuela_2-300x225.jpg 300w, https:\/\/grupoexpro.com\/peru\/wp-content\/uploads\/2023\/08\/GrupoExpro_Escuela_2-768x576.jpg 768w, https:\/\/grupoexpro.com\/peru\/wp-content\/uploads\/2023\/08\/GrupoExpro_Escuela_2-1536x1152.jpg 1536w, https:\/\/grupoexpro.com\/peru\/wp-content\/uploads\/2023\/08\/GrupoExpro_Escuela_2-2048x1536.jpg 2048w, https:\/\/grupoexpro.com\/peru\/wp-content\/uploads\/2023\/08\/GrupoExpro_Escuela_2-720x540.jpg 720w\" sizes=\"auto, (max-width: 1024px) 100vw, 1024px\" \/>\t\t\t\t\t\t\t\t\t\t\t\t\t\t\t<\/div>\n\t\t\t\t<\/div>\n\t\t\t\t<div class=\"elementor-element elementor-element-f458385 elementor-widget elementor-widget-image\" data-id=\"f458385\" data-element_type=\"widget\" data-widget_type=\"image.default\">\n\t\t\t\t<div class=\"elementor-widget-container\">\n\t\t\t\t\t\t\t\t\t\t\t\t\t\t\t<img loading=\"lazy\" decoding=\"async\" width=\"1024\" height=\"768\" src=\"https:\/\/grupoexpro.com\/peru\/wp-content\/uploads\/2023\/08\/GrupoExpro_Escuela_3-1024x768.jpg\" class=\"attachment-large size-large wp-image-8266\" alt=\"\" srcset=\"https:\/\/grupoexpro.com\/peru\/wp-content\/uploads\/2023\/08\/GrupoExpro_Escuela_3-1024x768.jpg 1024w, https:\/\/grupoexpro.com\/peru\/wp-content\/uploads\/2023\/08\/GrupoExpro_Escuela_3-300x225.jpg 300w, https:\/\/grupoexpro.com\/peru\/wp-content\/uploads\/2023\/08\/GrupoExpro_Escuela_3-768x576.jpg 768w, https:\/\/grupoexpro.com\/peru\/wp-content\/uploads\/2023\/08\/GrupoExpro_Escuela_3-1536x1152.jpg 1536w, https:\/\/grupoexpro.com\/peru\/wp-content\/uploads\/2023\/08\/GrupoExpro_Escuela_3-2048x1536.jpg 2048w, https:\/\/grupoexpro.com\/peru\/wp-content\/uploads\/2023\/08\/GrupoExpro_Escuela_3-720x540.jpg 720w\" sizes=\"auto, (max-width: 1024px) 100vw, 1024px\" \/>\t\t\t\t\t\t\t\t\t\t\t\t\t\t\t<\/div>\n\t\t\t\t<\/div>\n\t\t\t\t\t<\/div>\n\t\t<\/div>\n\t\t\t\t\t\t\t<\/div>\n\t\t<\/section>\n\t\t\t\t\t\t\t<\/div>\n\t\t","protected":false},"excerpt":{"rendered":"<p>En un mundo cada vez m\u00e1s digitalizado, el acceso a la tecnolog\u00eda es fundamental para el desarrollo educativo de las comunidades m\u00e1s vulnerables. En GrupoExpro, no solo entendemos esta realidad, sino que tambi\u00e9n estamos comprometidos con hacer una diferencia real en la vida de aquellos que m\u00e1s lo necesitan. Es por eso que nos enorgullece [&hellip;]<\/p>\n","protected":false},"author":2,"featured_media":8267,"comment_status":"closed","ping_status":"closed","sticky":false,"template":"","format":"standard","meta":{"footnotes":""},"categories":[39,51],"tags":[44,43],"class_list":["post-8262","post","type-post","status-publish","format-standard","has-post-thumbnail","hentry","category-grupoexpro","category-noticias","tag-eventos","tag-noticias"],"yoast_head":"<!-- This site is optimized with the Yoast SEO plugin v22.4 - https:\/\/yoast.com\/wordpress\/plugins\/seo\/ -->\n<title>Conectando Realidades: Nuestro compromiso con la educaci\u00f3n.\u00a0 | GrupoExpro<\/title>\n<meta name=\"robots\" content=\"index, follow, max-snippet:-1, max-image-preview:large, max-video-preview:-1\" \/>\n<link rel=\"canonical\" href=\"https:\/\/grupoexpro.com\/peru\/conectando-realidades-nuestro-compromiso-con-la-educacion\/\" \/>\n<meta property=\"og:locale\" content=\"es_ES\" \/>\n<meta property=\"og:type\" content=\"article\" \/>\n<meta property=\"og:title\" content=\"Conectando Realidades: Nuestro compromiso con la educaci\u00f3n.\u00a0 | GrupoExpro\" \/>\n<meta property=\"og:description\" content=\"En un mundo cada vez m\u00e1s digitalizado, el acceso a la tecnolog\u00eda es fundamental para el desarrollo educativo de las comunidades m\u00e1s vulnerables. En GrupoExpro, no solo entendemos esta realidad, sino que tambi\u00e9n estamos comprometidos con hacer una diferencia real en la vida de aquellos que m\u00e1s lo necesitan. Es por eso que nos enorgullece [&hellip;]\" \/>\n<meta property=\"og:url\" content=\"https:\/\/grupoexpro.com\/peru\/conectando-realidades-nuestro-compromiso-con-la-educacion\/\" \/>\n<meta property=\"og:site_name\" content=\"GrupoExpro\" \/>\n<meta property=\"article:publisher\" content=\"https:\/\/www.facebook.com\/GrupoExpro.Chile\/\" \/>\n<meta property=\"article:published_time\" content=\"2023-08-09T15:17:07+00:00\" \/>\n<meta property=\"article:modified_time\" content=\"2023-08-17T22:17:50+00:00\" \/>\n<meta property=\"og:image\" content=\"https:\/\/grupoexpro.com\/peru\/wp-content\/uploads\/2023\/08\/GrupoExpro_Escuela_4-scaled.jpg\" \/>\n\t<meta property=\"og:image:width\" content=\"2560\" \/>\n\t<meta property=\"og:image:height\" content=\"1920\" \/>\n\t<meta property=\"og:image:type\" content=\"image\/jpeg\" \/>\n<meta name=\"author\" content=\"GrupoExpro\" \/>\n<meta name=\"twitter:card\" content=\"summary_large_image\" \/>\n<meta name=\"twitter:creator\" content=\"@grupoExpro\" \/>\n<meta name=\"twitter:site\" content=\"@grupoExpro\" \/>\n<meta name=\"twitter:label1\" content=\"Escrito por\" \/>\n\t<meta name=\"twitter:data1\" content=\"GrupoExpro\" \/>\n\t<meta name=\"twitter:label2\" content=\"Tiempo de lectura\" \/>\n\t<meta name=\"twitter:data2\" content=\"2 minutos\" \/>\n<script type=\"application\/ld+json\" class=\"yoast-schema-graph\">{\"@context\":\"https:\/\/schema.org\",\"@graph\":[{\"@type\":\"Article\",\"@id\":\"https:\/\/grupoexpro.com\/peru\/conectando-realidades-nuestro-compromiso-con-la-educacion\/#article\",\"isPartOf\":{\"@id\":\"https:\/\/grupoexpro.com\/peru\/conectando-realidades-nuestro-compromiso-con-la-educacion\/\"},\"author\":{\"name\":\"GrupoExpro\",\"@id\":\"https:\/\/grupoexpro.com\/peru\/#\/schema\/person\/a541627cf8f7fc06439a965085ab7a31\"},\"headline\":\"Conectando Realidades: Nuestro compromiso con la educaci\u00f3n.\u00a0\",\"datePublished\":\"2023-08-09T15:17:07+00:00\",\"dateModified\":\"2023-08-17T22:17:50+00:00\",\"mainEntityOfPage\":{\"@id\":\"https:\/\/grupoexpro.com\/peru\/conectando-realidades-nuestro-compromiso-con-la-educacion\/\"},\"wordCount\":322,\"publisher\":{\"@id\":\"https:\/\/grupoexpro.com\/peru\/#organization\"},\"image\":{\"@id\":\"https:\/\/grupoexpro.com\/peru\/conectando-realidades-nuestro-compromiso-con-la-educacion\/#primaryimage\"},\"thumbnailUrl\":\"https:\/\/grupoexpro.com\/peru\/wp-content\/uploads\/2023\/08\/GrupoExpro_Escuela_4-scaled.jpg\",\"keywords\":[\"Eventos\",\"Noticias\"],\"articleSection\":[\"GrupoExpro\",\"Noticias\"],\"inLanguage\":\"es\"},{\"@type\":\"WebPage\",\"@id\":\"https:\/\/grupoexpro.com\/peru\/conectando-realidades-nuestro-compromiso-con-la-educacion\/\",\"url\":\"https:\/\/grupoexpro.com\/peru\/conectando-realidades-nuestro-compromiso-con-la-educacion\/\",\"name\":\"Conectando Realidades: Nuestro compromiso con la educaci\u00f3n.\u00a0 | GrupoExpro\",\"isPartOf\":{\"@id\":\"https:\/\/grupoexpro.com\/peru\/#website\"},\"primaryImageOfPage\":{\"@id\":\"https:\/\/grupoexpro.com\/peru\/conectando-realidades-nuestro-compromiso-con-la-educacion\/#primaryimage\"},\"image\":{\"@id\":\"https:\/\/grupoexpro.com\/peru\/conectando-realidades-nuestro-compromiso-con-la-educacion\/#primaryimage\"},\"thumbnailUrl\":\"https:\/\/grupoexpro.com\/peru\/wp-content\/uploads\/2023\/08\/GrupoExpro_Escuela_4-scaled.jpg\",\"datePublished\":\"2023-08-09T15:17:07+00:00\",\"dateModified\":\"2023-08-17T22:17:50+00:00\",\"breadcrumb\":{\"@id\":\"https:\/\/grupoexpro.com\/peru\/conectando-realidades-nuestro-compromiso-con-la-educacion\/#breadcrumb\"},\"inLanguage\":\"es\",\"potentialAction\":[{\"@type\":\"ReadAction\",\"target\":[\"https:\/\/grupoexpro.com\/peru\/conectando-realidades-nuestro-compromiso-con-la-educacion\/\"]}]},{\"@type\":\"ImageObject\",\"inLanguage\":\"es\",\"@id\":\"https:\/\/grupoexpro.com\/peru\/conectando-realidades-nuestro-compromiso-con-la-educacion\/#primaryimage\",\"url\":\"https:\/\/grupoexpro.com\/peru\/wp-content\/uploads\/2023\/08\/GrupoExpro_Escuela_4-scaled.jpg\",\"contentUrl\":\"https:\/\/grupoexpro.com\/peru\/wp-content\/uploads\/2023\/08\/GrupoExpro_Escuela_4-scaled.jpg\",\"width\":2560,\"height\":1920},{\"@type\":\"BreadcrumbList\",\"@id\":\"https:\/\/grupoexpro.com\/peru\/conectando-realidades-nuestro-compromiso-con-la-educacion\/#breadcrumb\",\"itemListElement\":[{\"@type\":\"ListItem\",\"position\":1,\"name\":\"Portada\",\"item\":\"https:\/\/grupoexpro.com\/peru\/\"},{\"@type\":\"ListItem\",\"position\":2,\"name\":\"Conectando Realidades: Nuestro compromiso con la educaci\u00f3n.\u00a0\"}]},{\"@type\":\"WebSite\",\"@id\":\"https:\/\/grupoexpro.com\/peru\/#website\",\"url\":\"https:\/\/grupoexpro.com\/peru\/\",\"name\":\"GrupoExpro\",\"description\":\"Web\",\"publisher\":{\"@id\":\"https:\/\/grupoexpro.com\/peru\/#organization\"},\"alternateName\":\"GrupoExpro\",\"inLanguage\":\"es\"},{\"@type\":\"Organization\",\"@id\":\"https:\/\/grupoexpro.com\/peru\/#organization\",\"name\":\"GrupoExpro\",\"alternateName\":\"GrupoExpro\",\"url\":\"https:\/\/grupoexpro.com\/peru\/\",\"logo\":{\"@type\":\"ImageObject\",\"inLanguage\":\"es\",\"@id\":\"https:\/\/grupoexpro.com\/peru\/#\/schema\/logo\/image\/\",\"url\":\"https:\/\/grupoexpro.com\/peru\/wp-content\/uploads\/2023\/10\/rrss.jpg\",\"contentUrl\":\"https:\/\/grupoexpro.com\/peru\/wp-content\/uploads\/2023\/10\/rrss.jpg\",\"width\":1200,\"height\":600,\"caption\":\"GrupoExpro\"},\"image\":{\"@id\":\"https:\/\/grupoexpro.com\/peru\/#\/schema\/logo\/image\/\"},\"sameAs\":[\"https:\/\/www.facebook.com\/GrupoExpro.Chile\/\",\"https:\/\/twitter.com\/grupoExpro\",\"https:\/\/www.linkedin.com\/company\/grupo-expro\/\",\"https:\/\/www.instagram.com\/grupo_expro\/?hl=es-la\"]},{\"@type\":\"Person\",\"@id\":\"https:\/\/grupoexpro.com\/peru\/#\/schema\/person\/a541627cf8f7fc06439a965085ab7a31\",\"name\":\"GrupoExpro\",\"image\":{\"@type\":\"ImageObject\",\"inLanguage\":\"es\",\"@id\":\"https:\/\/grupoexpro.com\/peru\/#\/schema\/person\/image\/\",\"url\":\"https:\/\/grupoexpro.com\/peru\/wp-content\/wphb-cache\/gravatar\/03f\/03f2a8a15c5d0e5dc283bbd126c1ce83x96.jpg\",\"contentUrl\":\"https:\/\/grupoexpro.com\/peru\/wp-content\/wphb-cache\/gravatar\/03f\/03f2a8a15c5d0e5dc283bbd126c1ce83x96.jpg\",\"caption\":\"GrupoExpro\"},\"url\":\"https:\/\/grupoexpro.com\/peru\/author\/grupoexpro\/\"}]}<\/script>\n<!-- \/ Yoast SEO plugin. -->","yoast_head_json":{"title":"Conectando Realidades: Nuestro compromiso con la educaci\u00f3n.\u00a0 | GrupoExpro","robots":{"index":"index","follow":"follow","max-snippet":"max-snippet:-1","max-image-preview":"max-image-preview:large","max-video-preview":"max-video-preview:-1"},"canonical":"https:\/\/grupoexpro.com\/peru\/conectando-realidades-nuestro-compromiso-con-la-educacion\/","og_locale":"es_ES","og_type":"article","og_title":"Conectando Realidades: Nuestro compromiso con la educaci\u00f3n.\u00a0 | GrupoExpro","og_description":"En un mundo cada vez m\u00e1s digitalizado, el acceso a la tecnolog\u00eda es fundamental para el desarrollo educativo de las comunidades m\u00e1s vulnerables. En GrupoExpro, no solo entendemos esta realidad, sino que tambi\u00e9n estamos comprometidos con hacer una diferencia real en la vida de aquellos que m\u00e1s lo necesitan. Es por eso que nos enorgullece [&hellip;]","og_url":"https:\/\/grupoexpro.com\/peru\/conectando-realidades-nuestro-compromiso-con-la-educacion\/","og_site_name":"GrupoExpro","article_publisher":"https:\/\/www.facebook.com\/GrupoExpro.Chile\/","article_published_time":"2023-08-09T15:17:07+00:00","article_modified_time":"2023-08-17T22:17:50+00:00","og_image":[{"width":2560,"height":1920,"url":"https:\/\/grupoexpro.com\/peru\/wp-content\/uploads\/2023\/08\/GrupoExpro_Escuela_4-scaled.jpg","type":"image\/jpeg"}],"author":"GrupoExpro","twitter_card":"summary_large_image","twitter_creator":"@grupoExpro","twitter_site":"@grupoExpro","twitter_misc":{"Escrito por":"GrupoExpro","Tiempo de lectura":"2 minutos"},"schema":{"@context":"https:\/\/schema.org","@graph":[{"@type":"Article","@id":"https:\/\/grupoexpro.com\/peru\/conectando-realidades-nuestro-compromiso-con-la-educacion\/#article","isPartOf":{"@id":"https:\/\/grupoexpro.com\/peru\/conectando-realidades-nuestro-compromiso-con-la-educacion\/"},"author":{"name":"GrupoExpro","@id":"https:\/\/grupoexpro.com\/peru\/#\/schema\/person\/a541627cf8f7fc06439a965085ab7a31"},"headline":"Conectando Realidades: Nuestro compromiso con la educaci\u00f3n.\u00a0","datePublished":"2023-08-09T15:17:07+00:00","dateModified":"2023-08-17T22:17:50+00:00","mainEntityOfPage":{"@id":"https:\/\/grupoexpro.com\/peru\/conectando-realidades-nuestro-compromiso-con-la-educacion\/"},"wordCount":322,"publisher":{"@id":"https:\/\/grupoexpro.com\/peru\/#organization"},"image":{"@id":"https:\/\/grupoexpro.com\/peru\/conectando-realidades-nuestro-compromiso-con-la-educacion\/#primaryimage"},"thumbnailUrl":"https:\/\/grupoexpro.com\/peru\/wp-content\/uploads\/2023\/08\/GrupoExpro_Escuela_4-scaled.jpg","keywords":["Eventos","Noticias"],"articleSection":["GrupoExpro","Noticias"],"inLanguage":"es"},{"@type":"WebPage","@id":"https:\/\/grupoexpro.com\/peru\/conectando-realidades-nuestro-compromiso-con-la-educacion\/","url":"https:\/\/grupoexpro.com\/peru\/conectando-realidades-nuestro-compromiso-con-la-educacion\/","name":"Conectando Realidades: Nuestro compromiso con la educaci\u00f3n.\u00a0 | GrupoExpro","isPartOf":{"@id":"https:\/\/grupoexpro.com\/peru\/#website"},"primaryImageOfPage":{"@id":"https:\/\/grupoexpro.com\/peru\/conectando-realidades-nuestro-compromiso-con-la-educacion\/#primaryimage"},"image":{"@id":"https:\/\/grupoexpro.com\/peru\/conectando-realidades-nuestro-compromiso-con-la-educacion\/#primaryimage"},"thumbnailUrl":"https:\/\/grupoexpro.com\/peru\/wp-content\/uploads\/2023\/08\/GrupoExpro_Escuela_4-scaled.jpg","datePublished":"2023-08-09T15:17:07+00:00","dateModified":"2023-08-17T22:17:50+00:00","breadcrumb":{"@id":"https:\/\/grupoexpro.com\/peru\/conectando-realidades-nuestro-compromiso-con-la-educacion\/#breadcrumb"},"inLanguage":"es","potentialAction":[{"@type":"ReadAction","target":["https:\/\/grupoexpro.com\/peru\/conectando-realidades-nuestro-compromiso-con-la-educacion\/"]}]},{"@type":"ImageObject","inLanguage":"es","@id":"https:\/\/grupoexpro.com\/peru\/conectando-realidades-nuestro-compromiso-con-la-educacion\/#primaryimage","url":"https:\/\/grupoexpro.com\/peru\/wp-content\/uploads\/2023\/08\/GrupoExpro_Escuela_4-scaled.jpg","contentUrl":"https:\/\/grupoexpro.com\/peru\/wp-content\/uploads\/2023\/08\/GrupoExpro_Escuela_4-scaled.jpg","width":2560,"height":1920},{"@type":"BreadcrumbList","@id":"https:\/\/grupoexpro.com\/peru\/conectando-realidades-nuestro-compromiso-con-la-educacion\/#breadcrumb","itemListElement":[{"@type":"ListItem","position":1,"name":"Portada","item":"https:\/\/grupoexpro.com\/peru\/"},{"@type":"ListItem","position":2,"name":"Conectando Realidades: Nuestro compromiso con la educaci\u00f3n.\u00a0"}]},{"@type":"WebSite","@id":"https:\/\/grupoexpro.com\/peru\/#website","url":"https:\/\/grupoexpro.com\/peru\/","name":"GrupoExpro","description":"Web","publisher":{"@id":"https:\/\/grupoexpro.com\/peru\/#organization"},"alternateName":"GrupoExpro","inLanguage":"es"},{"@type":"Organization","@id":"https:\/\/grupoexpro.com\/peru\/#organization","name":"GrupoExpro","alternateName":"GrupoExpro","url":"https:\/\/grupoexpro.com\/peru\/","logo":{"@type":"ImageObject","inLanguage":"es","@id":"https:\/\/grupoexpro.com\/peru\/#\/schema\/logo\/image\/","url":"https:\/\/grupoexpro.com\/peru\/wp-content\/uploads\/2023\/10\/rrss.jpg","contentUrl":"https:\/\/grupoexpro.com\/peru\/wp-content\/uploads\/2023\/10\/rrss.jpg","width":1200,"height":600,"caption":"GrupoExpro"},"image":{"@id":"https:\/\/grupoexpro.com\/peru\/#\/schema\/logo\/image\/"},"sameAs":["https:\/\/www.facebook.com\/GrupoExpro.Chile\/","https:\/\/twitter.com\/grupoExpro","https:\/\/www.linkedin.com\/company\/grupo-expro\/","https:\/\/www.instagram.com\/grupo_expro\/?hl=es-la"]},{"@type":"Person","@id":"https:\/\/grupoexpro.com\/peru\/#\/schema\/person\/a541627cf8f7fc06439a965085ab7a31","name":"GrupoExpro","image":{"@type":"ImageObject","inLanguage":"es","@id":"https:\/\/grupoexpro.com\/peru\/#\/schema\/person\/image\/","url":"https:\/\/grupoexpro.com\/peru\/wp-content\/wphb-cache\/gravatar\/03f\/03f2a8a15c5d0e5dc283bbd126c1ce83x96.jpg","contentUrl":"https:\/\/grupoexpro.com\/peru\/wp-content\/wphb-cache\/gravatar\/03f\/03f2a8a15c5d0e5dc283bbd126c1ce83x96.jpg","caption":"GrupoExpro"},"url":"https:\/\/grupoexpro.com\/peru\/author\/grupoexpro\/"}]}},"views":252,"_links":{"self":[{"href":"https:\/\/grupoexpro.com\/peru\/wp-json\/wp\/v2\/posts\/8262","targetHints":{"allow":["GET"]}}],"collection":[{"href":"https:\/\/grupoexpro.com\/peru\/wp-json\/wp\/v2\/posts"}],"about":[{"href":"https:\/\/grupoexpro.com\/peru\/wp-json\/wp\/v2\/types\/post"}],"author":[{"embeddable":true,"href":"https:\/\/grupoexpro.com\/peru\/wp-json\/wp\/v2\/users\/2"}],"replies":[{"embeddable":true,"href":"https:\/\/grupoexpro.com\/peru\/wp-json\/wp\/v2\/comments?post=8262"}],"version-history":[{"count":14,"href":"https:\/\/grupoexpro.com\/peru\/wp-json\/wp\/v2\/posts\/8262\/revisions"}],"predecessor-version":[{"id":8280,"href":"https:\/\/grupoexpro.com\/peru\/wp-json\/wp\/v2\/posts\/8262\/revisions\/8280"}],"wp:featuredmedia":[{"embeddable":true,"href":"https:\/\/grupoexpro.com\/peru\/wp-json\/wp\/v2\/media\/8267"}],"wp:attachment":[{"href":"https:\/\/grupoexpro.com\/peru\/wp-json\/wp\/v2\/media?parent=8262"}],"wp:term":[{"taxonomy":"category","embeddable":true,"href":"https:\/\/grupoexpro.com\/peru\/wp-json\/wp\/v2\/categories?post=8262"},{"taxonomy":"post_tag","embeddable":true,"href":"https:\/\/grupoexpro.com\/peru\/wp-json\/wp\/v2\/tags?post=8262"}],"curies":[{"name":"wp","href":"https:\/\/api.w.org\/{rel}","templated":true}]}}